{"id":991,"date":"2021-05-29T17:08:42","date_gmt":"2021-05-29T15:08:42","guid":{"rendered":"http:\/\/www.muenster.org\/aikikai\/?p=991"},"modified":"2021-05-29T17:08:43","modified_gmt":"2021-05-29T15:08:43","slug":"es-geht-wieder-los","status":"publish","type":"post","link":"https:\/\/www.muenster.org\/aikikai\/2021\/05\/29\/es-geht-wieder-los\/","title":{"rendered":"Es geht wieder los!"},"content":{"rendered":"\n<figure class=\"wp-block-image size-large is-resized is-style-rounded\"><img loading=\"lazy\" decoding=\"async\" src=\"http:\/\/www.muenster.org\/aikikai\/wp-content\/uploads\/2021\/05\/63435-1S_199913FBC583C3488BBBBBA280FCD3D0_-227324455_720x1000dF9fmzrPEnQ9U_600x600.jpg\" alt=\"\" class=\"wp-image-992\" width=\"233\" height=\"324\" srcset=\"https:\/\/www.muenster.org\/aikikai\/wp-content\/uploads\/2021\/05\/63435-1S_199913FBC583C3488BBBBBA280FCD3D0_-227324455_720x1000dF9fmzrPEnQ9U_600x600.jpg 432w, https:\/\/www.muenster.org\/aikikai\/wp-content\/uploads\/2021\/05\/63435-1S_199913FBC583C3488BBBBBA280FCD3D0_-227324455_720x1000dF9fmzrPEnQ9U_600x600-216x300.jpg 216w\" sizes=\"auto, (max-width: 233px) 100vw, 233px\" \/><\/figure>\n\n\n\n<p>Liebe Aikidoka,<\/p>\n\n\n\n<p>wie ihr sicherlich den Medien entnommen habt, k\u00f6nnen wir das Training unter Ber\u00fccksichtigung einiger Vorgaben der aktuellsten Coronaschutzverordnung wieder beginnen. In der kommenden Woche starten wir mit dem Dienstags-und Samstagstraining (das Training am Donnerstag, 10.06.2021, f\u00e4llt auf Grund des Feiertags in der n\u00e4chsten Woche noch aus). Die Trainingseinheiten am Montag, Mittwoch und Freitag starten erst zu einem sp\u00e4teren Zeitpunkt. Wir informieren Euch dar\u00fcber hier und \u00fcber unseren Newsletter.<\/p>\n\n\n\n<p>Das Kinder-\/Jugendtraining beginnt ab dem 14.06.2021. <\/p>\n\n\n\n<p>Zum Training sind alle eingeladen, ob (Neu-)Anf\u00e4nger*innen oder Fortgeschrittene. Damit wir ein Training anbieten k\u00f6nnen, m\u00fcssen folgende Regeln eingehalten werden:<\/p>\n\n\n\n<ul class=\"wp-block-list\"><li>Teilnehmer*innen brauchen einen best\u00e4tigten negativen Schnelltest (nicht \u00e4lter als 48 Stunden) oder eine Best\u00e4tigung \u00fcber eine vollst\u00e4ndige Impfung bzw. Genesung. Es gibt ein paar Dojo-nahe Schnellstestzentren: https:\/\/geo.stadt-muenster.de\/coronatests\/ &#8211; Erfassung und \u00dcberpr\u00fcfung erfolgt durch den\/die \u00dcbungsleiter*in.<\/li><li>Einhaltung der allgemeinen Hygienevorschriften. <\/li><li>Au\u00dferhalb der Matte muss st\u00e4ndig eine Maske getragen werden.<\/li><li>Die Umkleiden und Duschen sind unter Einhaltung der allgemeinen Hygienevorschriften nutzbar.<\/li><li>Erfassung der Kontaktdaten zur einfachen R\u00fcckverfolgbarkeit. Alle Teilnehmer*innen tragen sich in die ausliegende Liste ein.<\/li><\/ul>\n\n\n\n<p>F\u00fcr einen reibungslosen Trainingsablauf haltet Euch bitte an diese Regeln!<\/p>\n\n\n\n<p>Wir freuen uns riesig!<\/p>\n\n\n\n<p>Euer Vorstand und \u00dcbungsleiter*innen<\/p>\n","protected":false},"excerpt":{"rendered":"<p>Liebe Aikidoka, wie ihr sicherlich den Medien entnommen habt, k\u00f6nnen wir das Training unter Ber\u00fccksichtigung einiger Vorgaben der aktuellsten Coronaschutzverordnung wieder beginnen. In der kommenden [&#8230;]<\/p>\n","protected":false},"author":4,"featured_media":0,"comment_status":"open","ping_status":"open","sticky":false,"template":"","format":"standard","meta":{"footnotes":""},"categories":[1],"tags":[],"class_list":["post-991","post","type-post","status-publish","format-standard","hentry","category-allgemein"],"_links":{"self":[{"href":"https:\/\/www.muenster.org\/aikikai\/wp-json\/wp\/v2\/posts\/991","targetHints":{"allow":["GET"]}}],"collection":[{"href":"https:\/\/www.muenster.org\/aikikai\/wp-json\/wp\/v2\/posts"}],"about":[{"href":"https:\/\/www.muenster.org\/aikikai\/wp-json\/wp\/v2\/types\/post"}],"author":[{"embeddable":true,"href":"https:\/\/www.muenster.org\/aikikai\/wp-json\/wp\/v2\/users\/4"}],"replies":[{"embeddable":true,"href":"https:\/\/www.muenster.org\/aikikai\/wp-json\/wp\/v2\/comments?post=991"}],"version-history":[{"count":1,"href":"https:\/\/www.muenster.org\/aikikai\/wp-json\/wp\/v2\/posts\/991\/revisions"}],"predecessor-version":[{"id":993,"href":"https:\/\/www.muenster.org\/aikikai\/wp-json\/wp\/v2\/posts\/991\/revisions\/993"}],"wp:attachment":[{"href":"https:\/\/www.muenster.org\/aikikai\/wp-json\/wp\/v2\/media?parent=991"}],"wp:term":[{"taxonomy":"category","embeddable":true,"href":"https:\/\/www.muenster.org\/aikikai\/wp-json\/wp\/v2\/categories?post=991"},{"taxonomy":"post_tag","embeddable":true,"href":"https:\/\/www.muenster.org\/aikikai\/wp-json\/wp\/v2\/tags?post=991"}],"curies":[{"name":"wp","href":"https:\/\/api.w.org\/{rel}","templated":true}]}}