{"id":970,"date":"2020-11-16T12:19:25","date_gmt":"2020-11-16T11:19:25","guid":{"rendered":"http:\/\/www.muenster.org\/aikikai\/?p=970"},"modified":"2020-11-16T12:19:25","modified_gmt":"2020-11-16T11:19:25","slug":"renovierung-im-dojo","status":"publish","type":"post","link":"https:\/\/www.muenster.org\/aikikai\/2020\/11\/16\/renovierung-im-dojo\/","title":{"rendered":"Renovierung im Dojo"},"content":{"rendered":"\n<p>Im Moment nutzen wir die Zeit um das Dojo St\u00fcck f\u00fcr St\u00fcck zu versch\u00f6nern:<\/p>\n\n\n\n<ul class=\"wp-block-list\"><li>Frank hat die Risse in der linken Wand verspachtelt und gestrichen. <\/li><li>J\u00fcrgen hat neue Lampen in den Umkleiden angebracht. <\/li><li>Simone und Angelika haben damit begonnen die oberen Aussparungen im Durchgang zur K\u00fcche zu verkleiden. Diese werde noch gestrichen.<\/li><li>Christel und Roswitha haben sich um sch\u00f6ne Vorh\u00e4nge in den Durchg\u00e4ngen zu den Umkleiden und zur K\u00fcche gek\u00fcmmert.<br><\/li><\/ul>\n\n\n\n<figure class=\"wp-block-image size-large\"><img loading=\"lazy\" decoding=\"async\" width=\"700\" height=\"525\" src=\"http:\/\/www.muenster.org\/aikikai\/wp-content\/uploads\/2020\/11\/IMG_3673-700x525.jpg\" alt=\"\" class=\"wp-image-971\" srcset=\"https:\/\/www.muenster.org\/aikikai\/wp-content\/uploads\/2020\/11\/IMG_3673-700x525.jpg 700w, https:\/\/www.muenster.org\/aikikai\/wp-content\/uploads\/2020\/11\/IMG_3673-300x225.jpg 300w, https:\/\/www.muenster.org\/aikikai\/wp-content\/uploads\/2020\/11\/IMG_3673-768x576.jpg 768w, https:\/\/www.muenster.org\/aikikai\/wp-content\/uploads\/2020\/11\/IMG_3673-600x450.jpg 600w, https:\/\/www.muenster.org\/aikikai\/wp-content\/uploads\/2020\/11\/IMG_3673-1536x1152.jpg 1536w, https:\/\/www.muenster.org\/aikikai\/wp-content\/uploads\/2020\/11\/IMG_3673-800x600.jpg 800w, https:\/\/www.muenster.org\/aikikai\/wp-content\/uploads\/2020\/11\/IMG_3673-80x60.jpg 80w, https:\/\/www.muenster.org\/aikikai\/wp-content\/uploads\/2020\/11\/IMG_3673-1320x990.jpg 1320w, https:\/\/www.muenster.org\/aikikai\/wp-content\/uploads\/2020\/11\/IMG_3673.jpg 2016w\" sizes=\"auto, (max-width: 700px) 100vw, 700px\" \/><\/figure>\n\n\n\n<p><\/p>\n","protected":false},"excerpt":{"rendered":"<p>Im Moment nutzen wir die Zeit um das Dojo St\u00fcck f\u00fcr St\u00fcck zu versch\u00f6nern: Frank hat die Risse in der linken Wand verspachtelt und gestrichen. [&#8230;]<\/p>\n","protected":false},"author":4,"featured_media":0,"comment_status":"open","ping_status":"open","sticky":false,"template":"","format":"standard","meta":{"footnotes":""},"categories":[1],"tags":[],"class_list":["post-970","post","type-post","status-publish","format-standard","hentry","category-allgemein"],"_links":{"self":[{"href":"https:\/\/www.muenster.org\/aikikai\/wp-json\/wp\/v2\/posts\/970","targetHints":{"allow":["GET"]}}],"collection":[{"href":"https:\/\/www.muenster.org\/aikikai\/wp-json\/wp\/v2\/posts"}],"about":[{"href":"https:\/\/www.muenster.org\/aikikai\/wp-json\/wp\/v2\/types\/post"}],"author":[{"embeddable":true,"href":"https:\/\/www.muenster.org\/aikikai\/wp-json\/wp\/v2\/users\/4"}],"replies":[{"embeddable":true,"href":"https:\/\/www.muenster.org\/aikikai\/wp-json\/wp\/v2\/comments?post=970"}],"version-history":[{"count":1,"href":"https:\/\/www.muenster.org\/aikikai\/wp-json\/wp\/v2\/posts\/970\/revisions"}],"predecessor-version":[{"id":973,"href":"https:\/\/www.muenster.org\/aikikai\/wp-json\/wp\/v2\/posts\/970\/revisions\/973"}],"wp:attachment":[{"href":"https:\/\/www.muenster.org\/aikikai\/wp-json\/wp\/v2\/media?parent=970"}],"wp:term":[{"taxonomy":"category","embeddable":true,"href":"https:\/\/www.muenster.org\/aikikai\/wp-json\/wp\/v2\/categories?post=970"},{"taxonomy":"post_tag","embeddable":true,"href":"https:\/\/www.muenster.org\/aikikai\/wp-json\/wp\/v2\/tags?post=970"}],"curies":[{"name":"wp","href":"https:\/\/api.w.org\/{rel}","templated":true}]}}