{"id":890,"date":"2019-12-30T16:47:28","date_gmt":"2019-12-30T15:47:28","guid":{"rendered":"http:\/\/www.muenster.org\/aikikai\/?p=890"},"modified":"2019-12-30T16:47:29","modified_gmt":"2019-12-30T15:47:29","slug":"herzlichen-glueckwunsch","status":"publish","type":"post","link":"https:\/\/www.muenster.org\/aikikai\/2019\/12\/30\/herzlichen-glueckwunsch\/","title":{"rendered":"HERZLICHEN GL\u00dcCKWUNSCH!"},"content":{"rendered":"\n<p>Beim diesj\u00e4hrigen Winterlehrgang in Pulheim hat Simone erfolgreich die Pr\u00fcfung zum 1. Dan bestanden. Nach einer fast einst\u00fcndigen Pr\u00fcfung durfte sich Simone zum ersten Mal einen schwarzen G\u00fcrtel umbinden.<\/p>\n\n\n\n<figure class=\"wp-block-image size-large\"><img loading=\"lazy\" decoding=\"async\" width=\"700\" height=\"394\" src=\"http:\/\/www.muenster.org\/aikikai\/wp-content\/uploads\/2019\/12\/IMG-20191230-WA0002-700x394.jpg\" alt=\"\" class=\"wp-image-892\"\/><\/figure>\n","protected":false},"excerpt":{"rendered":"<p>Beim diesj\u00e4hrigen Winterlehrgang in Pulheim hat Simone erfolgreich die Pr\u00fcfung zum 1. Dan bestanden. Nach einer fast einst\u00fcndigen Pr\u00fcfung durfte sich Simone zum ersten Mal [&#8230;]<\/p>\n","protected":false},"author":4,"featured_media":0,"comment_status":"open","ping_status":"open","sticky":false,"template":"","format":"standard","meta":{"footnotes":""},"categories":[1],"tags":[],"class_list":["post-890","post","type-post","status-publish","format-standard","hentry","category-allgemein"],"_links":{"self":[{"href":"https:\/\/www.muenster.org\/aikikai\/wp-json\/wp\/v2\/posts\/890","targetHints":{"allow":["GET"]}}],"collection":[{"href":"https:\/\/www.muenster.org\/aikikai\/wp-json\/wp\/v2\/posts"}],"about":[{"href":"https:\/\/www.muenster.org\/aikikai\/wp-json\/wp\/v2\/types\/post"}],"author":[{"embeddable":true,"href":"https:\/\/www.muenster.org\/aikikai\/wp-json\/wp\/v2\/users\/4"}],"replies":[{"embeddable":true,"href":"https:\/\/www.muenster.org\/aikikai\/wp-json\/wp\/v2\/comments?post=890"}],"version-history":[{"count":3,"href":"https:\/\/www.muenster.org\/aikikai\/wp-json\/wp\/v2\/posts\/890\/revisions"}],"predecessor-version":[{"id":894,"href":"https:\/\/www.muenster.org\/aikikai\/wp-json\/wp\/v2\/posts\/890\/revisions\/894"}],"wp:attachment":[{"href":"https:\/\/www.muenster.org\/aikikai\/wp-json\/wp\/v2\/media?parent=890"}],"wp:term":[{"taxonomy":"category","embeddable":true,"href":"https:\/\/www.muenster.org\/aikikai\/wp-json\/wp\/v2\/categories?post=890"},{"taxonomy":"post_tag","embeddable":true,"href":"https:\/\/www.muenster.org\/aikikai\/wp-json\/wp\/v2\/tags?post=890"}],"curies":[{"name":"wp","href":"https:\/\/api.w.org\/{rel}","templated":true}]}}