{"id":829,"date":"2019-10-05T10:20:49","date_gmt":"2019-10-05T08:20:49","guid":{"rendered":"http:\/\/www.muenster.org\/aikikai\/?p=829"},"modified":"2019-10-05T10:38:38","modified_gmt":"2019-10-05T08:38:38","slug":"lehrgang-mit-miranda-saarentaus-6-dan-aus-finnland","status":"publish","type":"post","link":"https:\/\/www.muenster.org\/aikikai\/2019\/10\/05\/lehrgang-mit-miranda-saarentaus-6-dan-aus-finnland\/","title":{"rendered":"Lehrgang mit Miranda Saarentaus (7. Dan, Shihan) aus Finnland"},"content":{"rendered":"\n<p>Am 27. und 28. September 2019 war Miranda Saarentaus in unserem Dojo. Die vielen Teilnehmer\/Innen aus unterschiedlichen Dojos zeigten wieder einmal, wie gro\u00df das Interesse an Mirandas Aikido ist. Ihre offene und freundliche Art f\u00fchrten zu einer tollen Atmosph\u00e4re auf und neben der Matte.<\/p>\n\n\n\n<figure class=\"wp-block-image\"><img decoding=\"async\" src=\"http:\/\/www.muenster.org\/aikikai\/wp-content\/uploads\/2019\/10\/20190928_130612.tif\" alt=\"\" class=\"wp-image-882\"\/><\/figure>\n","protected":false},"excerpt":{"rendered":"<p>Am 27. und 28. September 2019 war Miranda Saarentaus in unserem Dojo. Die vielen Teilnehmer\/Innen aus unterschiedlichen Dojos zeigten wieder einmal, wie gro\u00df das Interesse [&#8230;]<\/p>\n","protected":false},"author":4,"featured_media":0,"comment_status":"open","ping_status":"open","sticky":false,"template":"","format":"standard","meta":{"footnotes":""},"categories":[1],"tags":[],"class_list":["post-829","post","type-post","status-publish","format-standard","hentry","category-allgemein"],"_links":{"self":[{"href":"https:\/\/www.muenster.org\/aikikai\/wp-json\/wp\/v2\/posts\/829","targetHints":{"allow":["GET"]}}],"collection":[{"href":"https:\/\/www.muenster.org\/aikikai\/wp-json\/wp\/v2\/posts"}],"about":[{"href":"https:\/\/www.muenster.org\/aikikai\/wp-json\/wp\/v2\/types\/post"}],"author":[{"embeddable":true,"href":"https:\/\/www.muenster.org\/aikikai\/wp-json\/wp\/v2\/users\/4"}],"replies":[{"embeddable":true,"href":"https:\/\/www.muenster.org\/aikikai\/wp-json\/wp\/v2\/comments?post=829"}],"version-history":[{"count":3,"href":"https:\/\/www.muenster.org\/aikikai\/wp-json\/wp\/v2\/posts\/829\/revisions"}],"predecessor-version":[{"id":887,"href":"https:\/\/www.muenster.org\/aikikai\/wp-json\/wp\/v2\/posts\/829\/revisions\/887"}],"wp:attachment":[{"href":"https:\/\/www.muenster.org\/aikikai\/wp-json\/wp\/v2\/media?parent=829"}],"wp:term":[{"taxonomy":"category","embeddable":true,"href":"https:\/\/www.muenster.org\/aikikai\/wp-json\/wp\/v2\/categories?post=829"},{"taxonomy":"post_tag","embeddable":true,"href":"https:\/\/www.muenster.org\/aikikai\/wp-json\/wp\/v2\/tags?post=829"}],"curies":[{"name":"wp","href":"https:\/\/api.w.org\/{rel}","templated":true}]}}