{"id":652,"date":"2018-09-01T09:50:41","date_gmt":"2018-09-01T07:50:41","guid":{"rendered":"http:\/\/www.muenster.org\/aikikai\/?p=652"},"modified":"2018-09-21T12:54:09","modified_gmt":"2018-09-21T10:54:09","slug":"22-23-september-2018-jubilaeumslehrgang-und-feier","status":"publish","type":"post","link":"https:\/\/www.muenster.org\/aikikai\/2018\/09\/01\/22-23-september-2018-jubilaeumslehrgang-und-feier\/","title":{"rendered":"22.-23. September 2018 &#8211; Jubil\u00e4umslehrgang und Feier"},"content":{"rendered":"<p>Liebe Aikidoka,<\/p>\n<p>dieses Jahr feiert unser Dojo 50-j\u00e4hriges Jubil\u00e4um (hurra!). Wir m\u00f6chten es mit Euch allen gerne krachen lassen!<\/p>\n<p>Wir laden Euch deshalb zu unseren Jubil\u00e4umsfestivit\u00e4ten ganz herzlich ein!<\/p>\n<p>Mehr Infos findet Ihr auf die <a href=\"http:\/\/www.muenster.org\/aikikai\/wp-content\/uploads\/2018\/06\/Einladung-Jubilaeum.pdf\">Einladung<\/a><\/p>\n<p>Wir freuen uns drauf!<\/p>\n","protected":false},"excerpt":{"rendered":"<p>Liebe Aikidoka, dieses Jahr feiert unser Dojo 50-j\u00e4hriges Jubil\u00e4um (hurra!). Wir m\u00f6chten es mit Euch allen gerne krachen lassen! Wir laden Euch deshalb zu unseren [&#8230;]<\/p>\n","protected":false},"author":2,"featured_media":0,"comment_status":"open","ping_status":"open","sticky":false,"template":"","format":"standard","meta":{"footnotes":""},"categories":[1],"tags":[],"class_list":["post-652","post","type-post","status-publish","format-standard","hentry","category-allgemein"],"_links":{"self":[{"href":"https:\/\/www.muenster.org\/aikikai\/wp-json\/wp\/v2\/posts\/652","targetHints":{"allow":["GET"]}}],"collection":[{"href":"https:\/\/www.muenster.org\/aikikai\/wp-json\/wp\/v2\/posts"}],"about":[{"href":"https:\/\/www.muenster.org\/aikikai\/wp-json\/wp\/v2\/types\/post"}],"author":[{"embeddable":true,"href":"https:\/\/www.muenster.org\/aikikai\/wp-json\/wp\/v2\/users\/2"}],"replies":[{"embeddable":true,"href":"https:\/\/www.muenster.org\/aikikai\/wp-json\/wp\/v2\/comments?post=652"}],"version-history":[{"count":1,"href":"https:\/\/www.muenster.org\/aikikai\/wp-json\/wp\/v2\/posts\/652\/revisions"}],"predecessor-version":[{"id":654,"href":"https:\/\/www.muenster.org\/aikikai\/wp-json\/wp\/v2\/posts\/652\/revisions\/654"}],"wp:attachment":[{"href":"https:\/\/www.muenster.org\/aikikai\/wp-json\/wp\/v2\/media?parent=652"}],"wp:term":[{"taxonomy":"category","embeddable":true,"href":"https:\/\/www.muenster.org\/aikikai\/wp-json\/wp\/v2\/categories?post=652"},{"taxonomy":"post_tag","embeddable":true,"href":"https:\/\/www.muenster.org\/aikikai\/wp-json\/wp\/v2\/tags?post=652"}],"curies":[{"name":"wp","href":"https:\/\/api.w.org\/{rel}","templated":true}]}}