{"id":363,"date":"2018-05-20T09:08:00","date_gmt":"2018-05-20T07:08:00","guid":{"rendered":"http:\/\/www.muenster.org\/aikikai\/wordpress\/html\/?p=363"},"modified":"2018-06-08T13:31:16","modified_gmt":"2018-06-08T11:31:16","slug":"kyu-pruefungen-fuer-die-kinder-und-fuer-die-erwachsenen-5-und-4-kju","status":"publish","type":"post","link":"https:\/\/www.muenster.org\/aikikai\/2018\/05\/20\/kyu-pruefungen-fuer-die-kinder-und-fuer-die-erwachsenen-5-und-4-kju\/","title":{"rendered":"23.6.2018 Kyu-Pr\u00fcfungen f\u00fcr Kinder und Erwachsene (5. und 4. Kyu)"},"content":{"rendered":"<p>am Samstag, den 23.6., finden im Dojo die Pr\u00fcfungen f\u00fcr die Kinder und f\u00fcr die Erwachsenen (5. und 4. Kyu) statt.<\/p>\n<p>Es wird ein verk\u00fcrztes Training f\u00fcr alle geben, dann die Pr\u00fcfungen und danach wie immer lecker Kaffee, Kuchen etc. &#8211; was so von euch mitgebracht wird,\u00a0 in entspannter Runde.<\/p>\n<p>Wer den 5. oder 4. Kyu machen will, melde sich bitte bald bei den \u00dcbungsleitern zwecks Absprache.<\/p>\n","protected":false},"excerpt":{"rendered":"<p>am Samstag, den 23.6., finden im Dojo die Pr\u00fcfungen f\u00fcr die Kinder und f\u00fcr die Erwachsenen (5. und 4. Kyu) statt. Es wird ein verk\u00fcrztes [&#8230;]<\/p>\n","protected":false},"author":1,"featured_media":0,"comment_status":"open","ping_status":"open","sticky":false,"template":"","format":"standard","meta":{"footnotes":""},"categories":[1,5],"tags":[],"class_list":["post-363","post","type-post","status-publish","format-standard","hentry","category-allgemein","category-kyu-pruefung"],"_links":{"self":[{"href":"https:\/\/www.muenster.org\/aikikai\/wp-json\/wp\/v2\/posts\/363","targetHints":{"allow":["GET"]}}],"collection":[{"href":"https:\/\/www.muenster.org\/aikikai\/wp-json\/wp\/v2\/posts"}],"about":[{"href":"https:\/\/www.muenster.org\/aikikai\/wp-json\/wp\/v2\/types\/post"}],"author":[{"embeddable":true,"href":"https:\/\/www.muenster.org\/aikikai\/wp-json\/wp\/v2\/users\/1"}],"replies":[{"embeddable":true,"href":"https:\/\/www.muenster.org\/aikikai\/wp-json\/wp\/v2\/comments?post=363"}],"version-history":[{"count":10,"href":"https:\/\/www.muenster.org\/aikikai\/wp-json\/wp\/v2\/posts\/363\/revisions"}],"predecessor-version":[{"id":639,"href":"https:\/\/www.muenster.org\/aikikai\/wp-json\/wp\/v2\/posts\/363\/revisions\/639"}],"wp:attachment":[{"href":"https:\/\/www.muenster.org\/aikikai\/wp-json\/wp\/v2\/media?parent=363"}],"wp:term":[{"taxonomy":"category","embeddable":true,"href":"https:\/\/www.muenster.org\/aikikai\/wp-json\/wp\/v2\/categories?post=363"},{"taxonomy":"post_tag","embeddable":true,"href":"https:\/\/www.muenster.org\/aikikai\/wp-json\/wp\/v2\/tags?post=363"}],"curies":[{"name":"wp","href":"https:\/\/api.w.org\/{rel}","templated":true}]}}