{"id":1746,"date":"2026-01-09T14:44:48","date_gmt":"2026-01-09T13:44:48","guid":{"rendered":"https:\/\/www.muenster.org\/aikikai\/?p=1746"},"modified":"2026-01-09T14:46:12","modified_gmt":"2026-01-09T13:46:12","slug":"winterlehrgang-in-pulheim-mit-erfolgreichen-pruefungen","status":"publish","type":"post","link":"https:\/\/www.muenster.org\/aikikai\/2026\/01\/09\/winterlehrgang-in-pulheim-mit-erfolgreichen-pruefungen\/","title":{"rendered":"Winterlehrgang in Pulheim mit erfolgreichen Pr\u00fcfungen!"},"content":{"rendered":"\n<p>Vom 27. &#8211; 30. Dezember 2025 fand in Pulheim wie jedes Jahr der Winterlehrgang statt, unter der Leitung von Meister Asai. Es gab eine unerwartet hohe Anzahl an teilnehmenden Aikidoka und auch unser Dojo war gut vertreten. Wir durften vier tolle Tage im sch\u00f6nen und gro\u00dfen Dojo des PSC Budo auf und neben der Matte verbringen und haben alle viel voneinander gelernt. <\/p>\n\n\n\n<p>Zum kr\u00f6nenden Abschluss d\u00fcrfen wir einer neuen Dantr\u00e4gerin und einem neuen ersten Kyu gratulieren: Heidje (1. Dan) und Mareike (1. Kyu) haben ihre Pr\u00fcfungen vor gro\u00dfem Publikum erfolgreich bestanden.<\/p>\n\n\n\n<figure class=\"wp-block-image size-large is-resized\"><img loading=\"lazy\" decoding=\"async\" width=\"700\" height=\"355\" src=\"https:\/\/www.muenster.org\/aikikai\/wp-content\/uploads\/2026\/01\/2025-Winter-1-700x355.jpg\" alt=\"\" class=\"wp-image-1748\" style=\"width:883px;height:auto\" srcset=\"https:\/\/www.muenster.org\/aikikai\/wp-content\/uploads\/2026\/01\/2025-Winter-1-700x355.jpg 700w, https:\/\/www.muenster.org\/aikikai\/wp-content\/uploads\/2026\/01\/2025-Winter-1-300x152.jpg 300w, https:\/\/www.muenster.org\/aikikai\/wp-content\/uploads\/2026\/01\/2025-Winter-1-768x390.jpg 768w, https:\/\/www.muenster.org\/aikikai\/wp-content\/uploads\/2026\/01\/2025-Winter-1-1536x779.jpg 1536w, https:\/\/www.muenster.org\/aikikai\/wp-content\/uploads\/2026\/01\/2025-Winter-1-2048x1039.jpg 2048w, https:\/\/www.muenster.org\/aikikai\/wp-content\/uploads\/2026\/01\/2025-Winter-1-1320x670.jpg 1320w\" sizes=\"auto, (max-width: 700px) 100vw, 700px\" \/><\/figure>\n\n\n<figure class=\"wp-block-post-featured-image\"><img loading=\"lazy\" decoding=\"async\" width=\"1080\" height=\"540\" src=\"https:\/\/www.muenster.org\/aikikai\/wp-content\/uploads\/2026\/01\/WhatsApp-Image-2026-01-07-at-19.22.36-1080x540.jpeg\" class=\"attachment-post-thumbnail size-post-thumbnail wp-post-image\" alt=\"\" style=\"object-fit:cover;\" srcset=\"https:\/\/www.muenster.org\/aikikai\/wp-content\/uploads\/2026\/01\/WhatsApp-Image-2026-01-07-at-19.22.36-1080x540.jpeg 1080w, https:\/\/www.muenster.org\/aikikai\/wp-content\/uploads\/2026\/01\/WhatsApp-Image-2026-01-07-at-19.22.36-1200x600.jpeg 1200w\" sizes=\"auto, (max-width: 1080px) 100vw, 1080px\" \/><\/figure>","protected":false},"excerpt":{"rendered":"<p>Vom 27. &#8211; 30. Dezember 2025 fand in Pulheim wie jedes Jahr der Winterlehrgang statt, unter der Leitung von Meister Asai. Es gab eine unerwartet [&#8230;]<\/p>\n","protected":false},"author":4,"featured_media":1750,"comment_status":"open","ping_status":"open","sticky":false,"template":"","format":"standard","meta":{"footnotes":""},"categories":[1],"tags":[],"class_list":["post-1746","post","type-post","status-publish","format-standard","has-post-thumbnail","hentry","category-allgemein"],"_links":{"self":[{"href":"https:\/\/www.muenster.org\/aikikai\/wp-json\/wp\/v2\/posts\/1746","targetHints":{"allow":["GET"]}}],"collection":[{"href":"https:\/\/www.muenster.org\/aikikai\/wp-json\/wp\/v2\/posts"}],"about":[{"href":"https:\/\/www.muenster.org\/aikikai\/wp-json\/wp\/v2\/types\/post"}],"author":[{"embeddable":true,"href":"https:\/\/www.muenster.org\/aikikai\/wp-json\/wp\/v2\/users\/4"}],"replies":[{"embeddable":true,"href":"https:\/\/www.muenster.org\/aikikai\/wp-json\/wp\/v2\/comments?post=1746"}],"version-history":[{"count":2,"href":"https:\/\/www.muenster.org\/aikikai\/wp-json\/wp\/v2\/posts\/1746\/revisions"}],"predecessor-version":[{"id":1751,"href":"https:\/\/www.muenster.org\/aikikai\/wp-json\/wp\/v2\/posts\/1746\/revisions\/1751"}],"wp:featuredmedia":[{"embeddable":true,"href":"https:\/\/www.muenster.org\/aikikai\/wp-json\/wp\/v2\/media\/1750"}],"wp:attachment":[{"href":"https:\/\/www.muenster.org\/aikikai\/wp-json\/wp\/v2\/media?parent=1746"}],"wp:term":[{"taxonomy":"category","embeddable":true,"href":"https:\/\/www.muenster.org\/aikikai\/wp-json\/wp\/v2\/categories?post=1746"},{"taxonomy":"post_tag","embeddable":true,"href":"https:\/\/www.muenster.org\/aikikai\/wp-json\/wp\/v2\/tags?post=1746"}],"curies":[{"name":"wp","href":"https:\/\/api.w.org\/{rel}","templated":true}]}}