{"id":1244,"date":"2022-08-12T14:55:14","date_gmt":"2022-08-12T12:55:14","guid":{"rendered":"http:\/\/www.muenster.org\/aikikai\/?p=1244"},"modified":"2022-08-12T14:55:15","modified_gmt":"2022-08-12T12:55:15","slug":"start-des-kinder-und-jugendtrainings","status":"publish","type":"post","link":"https:\/\/www.muenster.org\/aikikai\/2022\/08\/12\/start-des-kinder-und-jugendtrainings\/","title":{"rendered":"Start des Kinder- und Jugendtrainings"},"content":{"rendered":"\n<p>Am kommenden Montag, den 15.08.22., starten wir wieder mit dem Kinder- und Jugendtraining!<\/p>\n\n\n\n<p>Kindertraining: 16:00-16:45Uhr (6-9 Jahre)<\/p>\n\n\n\n<p>Jugendtraining: 17:00-18:00Uhr (10-15 Jahre)<\/p>\n\n\n\n<p>Wir freuen uns, euch wieder auf der Matte begr\u00fc\u00dfen zu d\u00fcrfen!<\/p>\n\n\n\n<p>Eure \u00dcbungsleiterInnen<\/p>\n\n\n\n<figure class=\"wp-block-gallery has-nested-images columns-default is-cropped wp-block-gallery-2 is-layout-flex wp-block-gallery-is-layout-flex\">\n<figure class=\"wp-block-image size-large is-style-rounded\"><img loading=\"lazy\" decoding=\"async\" width=\"500\" height=\"276\" data-id=\"487\" src=\"http:\/\/www.muenster.org\/aikikai\/wp-content\/uploads\/2018\/05\/k_06_500.jpg\" alt=\"\" class=\"wp-image-487\" srcset=\"https:\/\/www.muenster.org\/aikikai\/wp-content\/uploads\/2018\/05\/k_06_500.jpg 500w, https:\/\/www.muenster.org\/aikikai\/wp-content\/uploads\/2018\/05\/k_06_500-300x166.jpg 300w\" sizes=\"auto, (max-width: 500px) 100vw, 500px\" \/><\/figure>\n<\/figure>\n","protected":false},"excerpt":{"rendered":"<p>Am kommenden Montag, den 15.08.22., starten wir wieder mit dem Kinder- und Jugendtraining! Kindertraining: 16:00-16:45Uhr (6-9 Jahre) Jugendtraining: 17:00-18:00Uhr (10-15 Jahre) Wir freuen uns, euch [&#8230;]<\/p>\n","protected":false},"author":4,"featured_media":0,"comment_status":"open","ping_status":"open","sticky":false,"template":"","format":"standard","meta":{"footnotes":""},"categories":[1],"tags":[],"class_list":["post-1244","post","type-post","status-publish","format-standard","hentry","category-allgemein"],"_links":{"self":[{"href":"https:\/\/www.muenster.org\/aikikai\/wp-json\/wp\/v2\/posts\/1244","targetHints":{"allow":["GET"]}}],"collection":[{"href":"https:\/\/www.muenster.org\/aikikai\/wp-json\/wp\/v2\/posts"}],"about":[{"href":"https:\/\/www.muenster.org\/aikikai\/wp-json\/wp\/v2\/types\/post"}],"author":[{"embeddable":true,"href":"https:\/\/www.muenster.org\/aikikai\/wp-json\/wp\/v2\/users\/4"}],"replies":[{"embeddable":true,"href":"https:\/\/www.muenster.org\/aikikai\/wp-json\/wp\/v2\/comments?post=1244"}],"version-history":[{"count":2,"href":"https:\/\/www.muenster.org\/aikikai\/wp-json\/wp\/v2\/posts\/1244\/revisions"}],"predecessor-version":[{"id":1246,"href":"https:\/\/www.muenster.org\/aikikai\/wp-json\/wp\/v2\/posts\/1244\/revisions\/1246"}],"wp:attachment":[{"href":"https:\/\/www.muenster.org\/aikikai\/wp-json\/wp\/v2\/media?parent=1244"}],"wp:term":[{"taxonomy":"category","embeddable":true,"href":"https:\/\/www.muenster.org\/aikikai\/wp-json\/wp\/v2\/categories?post=1244"},{"taxonomy":"post_tag","embeddable":true,"href":"https:\/\/www.muenster.org\/aikikai\/wp-json\/wp\/v2\/tags?post=1244"}],"curies":[{"name":"wp","href":"https:\/\/api.w.org\/{rel}","templated":true}]}}