{"id":1228,"date":"2022-08-01T19:40:32","date_gmt":"2022-08-01T17:40:32","guid":{"rendered":"http:\/\/www.muenster.org\/aikikai\/?p=1228"},"modified":"2022-08-01T19:42:42","modified_gmt":"2022-08-01T17:42:42","slug":"sommerlehrgang-mit-meister-asai-und-meister-miyamoto-in-muenster","status":"publish","type":"post","link":"https:\/\/www.muenster.org\/aikikai\/2022\/08\/01\/sommerlehrgang-mit-meister-asai-und-meister-miyamoto-in-muenster\/","title":{"rendered":"Sommerlehrgang mit Meister Asai und Meister Miyamoto in M\u00fcnster"},"content":{"rendered":"\n<p>Der erste diesj\u00e4hrige Sommerlehrgang hat vom 23.07. bis zum 29.07. in unserem sch\u00f6nen M\u00fcnster stattgefunden: Aikidoka aus ganz Deutschland haben in der Halle des Hansa-Berufskollegs trainiert und mit dem Training von Meister Asai und Meister Miyamoto war es f\u00fcr alle eine anstrengende, aber sehr sch\u00f6ne und lehrreiche Woche.<\/p>\n\n\n\n<p>Hier einige Impressionen aus der Woche:<\/p>\n\n\n\n<figure class=\"wp-block-image size-full\"><img loading=\"lazy\" decoding=\"async\" width=\"2000\" height=\"1500\" src=\"http:\/\/www.muenster.org\/aikikai\/wp-content\/uploads\/2022\/07\/WhatsApp-Image-2022-07-26-at-11.11.03.jpg\" alt=\"\" class=\"wp-image-1235\" srcset=\"https:\/\/www.muenster.org\/aikikai\/wp-content\/uploads\/2022\/07\/WhatsApp-Image-2022-07-26-at-11.11.03.jpg 2000w, https:\/\/www.muenster.org\/aikikai\/wp-content\/uploads\/2022\/07\/WhatsApp-Image-2022-07-26-at-11.11.03-300x225.jpg 300w, https:\/\/www.muenster.org\/aikikai\/wp-content\/uploads\/2022\/07\/WhatsApp-Image-2022-07-26-at-11.11.03-700x525.jpg 700w, https:\/\/www.muenster.org\/aikikai\/wp-content\/uploads\/2022\/07\/WhatsApp-Image-2022-07-26-at-11.11.03-768x576.jpg 768w, https:\/\/www.muenster.org\/aikikai\/wp-content\/uploads\/2022\/07\/WhatsApp-Image-2022-07-26-at-11.11.03-1536x1152.jpg 1536w, https:\/\/www.muenster.org\/aikikai\/wp-content\/uploads\/2022\/07\/WhatsApp-Image-2022-07-26-at-11.11.03-640x480.jpg 640w, https:\/\/www.muenster.org\/aikikai\/wp-content\/uploads\/2022\/07\/WhatsApp-Image-2022-07-26-at-11.11.03-1320x990.jpg 1320w\" sizes=\"auto, (max-width: 2000px) 100vw, 2000px\" \/><figcaption>Meister Miyamoto mit unseren Aikidoka w\u00e4hrend des Lehrgangs<\/figcaption><\/figure>\n\n\n\n<figure class=\"wp-block-image size-full\"><img loading=\"lazy\" decoding=\"async\" width=\"1930\" height=\"1124\" src=\"http:\/\/www.muenster.org\/aikikai\/wp-content\/uploads\/2022\/07\/WhatsApp-Image-2022-07-29-at-14.54.26.jpg\" alt=\"\" class=\"wp-image-1236\" srcset=\"https:\/\/www.muenster.org\/aikikai\/wp-content\/uploads\/2022\/07\/WhatsApp-Image-2022-07-29-at-14.54.26.jpg 1930w, https:\/\/www.muenster.org\/aikikai\/wp-content\/uploads\/2022\/07\/WhatsApp-Image-2022-07-29-at-14.54.26-300x175.jpg 300w, https:\/\/www.muenster.org\/aikikai\/wp-content\/uploads\/2022\/07\/WhatsApp-Image-2022-07-29-at-14.54.26-700x408.jpg 700w, https:\/\/www.muenster.org\/aikikai\/wp-content\/uploads\/2022\/07\/WhatsApp-Image-2022-07-29-at-14.54.26-768x447.jpg 768w, https:\/\/www.muenster.org\/aikikai\/wp-content\/uploads\/2022\/07\/WhatsApp-Image-2022-07-29-at-14.54.26-1536x895.jpg 1536w, https:\/\/www.muenster.org\/aikikai\/wp-content\/uploads\/2022\/07\/WhatsApp-Image-2022-07-29-at-14.54.26-1320x769.jpg 1320w\" sizes=\"auto, (max-width: 1930px) 100vw, 1930px\" \/><figcaption>Die Teilnehmer:innen des Lehrgangs am letzten Tag<\/figcaption><\/figure>\n\n\n\n<p>Vielen Dank an alle Beteiligten f\u00fcr die gelungene Organisation!<\/p>\n","protected":false},"excerpt":{"rendered":"<p>Der erste diesj\u00e4hrige Sommerlehrgang hat vom 23.07. bis zum 29.07. in unserem sch\u00f6nen M\u00fcnster stattgefunden: Aikidoka aus ganz Deutschland haben in der Halle des Hansa-Berufskollegs [&#8230;]<\/p>\n","protected":false},"author":4,"featured_media":0,"comment_status":"open","ping_status":"open","sticky":false,"template":"","format":"standard","meta":{"footnotes":""},"categories":[1],"tags":[10,14,13],"class_list":["post-1228","post","type-post","status-publish","format-standard","hentry","category-allgemein","tag-aikido","tag-lehrgang","tag-miyamoto"],"_links":{"self":[{"href":"https:\/\/www.muenster.org\/aikikai\/wp-json\/wp\/v2\/posts\/1228","targetHints":{"allow":["GET"]}}],"collection":[{"href":"https:\/\/www.muenster.org\/aikikai\/wp-json\/wp\/v2\/posts"}],"about":[{"href":"https:\/\/www.muenster.org\/aikikai\/wp-json\/wp\/v2\/types\/post"}],"author":[{"embeddable":true,"href":"https:\/\/www.muenster.org\/aikikai\/wp-json\/wp\/v2\/users\/4"}],"replies":[{"embeddable":true,"href":"https:\/\/www.muenster.org\/aikikai\/wp-json\/wp\/v2\/comments?post=1228"}],"version-history":[{"count":9,"href":"https:\/\/www.muenster.org\/aikikai\/wp-json\/wp\/v2\/posts\/1228\/revisions"}],"predecessor-version":[{"id":1239,"href":"https:\/\/www.muenster.org\/aikikai\/wp-json\/wp\/v2\/posts\/1228\/revisions\/1239"}],"wp:attachment":[{"href":"https:\/\/www.muenster.org\/aikikai\/wp-json\/wp\/v2\/media?parent=1228"}],"wp:term":[{"taxonomy":"category","embeddable":true,"href":"https:\/\/www.muenster.org\/aikikai\/wp-json\/wp\/v2\/categories?post=1228"},{"taxonomy":"post_tag","embeddable":true,"href":"https:\/\/www.muenster.org\/aikikai\/wp-json\/wp\/v2\/tags?post=1228"}],"curies":[{"name":"wp","href":"https:\/\/api.w.org\/{rel}","templated":true}]}}