{"id":1124,"date":"2022-02-21T12:46:52","date_gmt":"2022-02-21T11:46:52","guid":{"rendered":"http:\/\/www.muenster.org\/aikikai\/?p=1124"},"modified":"2022-02-21T12:47:50","modified_gmt":"2022-02-21T11:47:50","slug":"lehrgang-mit-k-asai-shihan-8-dan-am-12-03-2022","status":"publish","type":"post","link":"https:\/\/www.muenster.org\/aikikai\/2022\/02\/21\/lehrgang-mit-k-asai-shihan-8-dan-am-12-03-2022\/","title":{"rendered":"Lehrgang mit K. Asai Shihan (8. Dan) am 12.03.2022"},"content":{"rendered":"\n<h2 class=\"wp-block-heading\"><\/h2>\n\n\n\n<p>Am 12.03.2022 wird Meister Asai endlich wieder nach M\u00fcnster kommen! Der Lehrgang wird vormittags und nachmittags in der Turnhalle der Gottfried-von-Cappenberg-Grundschule stattfinden. F\u00fcr die Teilnahme ist keine Anmeldung notwendig, wohl aber ein negativer B\u00fcrgertest bzw. PCR-Test, der nicht \u00e4lter als 24 Stunden ist. Bitte f\u00fcllt zus\u00e4tzlich das Kontaktformular aus! F\u00fcr weitere Informationen <a href=\"http:\/\/www.muenster.org\/aikikai\/wp-content\/uploads\/2022\/02\/Ausschreibung-Lehrgang-12.03.22-2.pdf\">s. Ausschreibung!<\/a><\/p>\n\n\n\n<div class=\"wp-block-media-text alignwide is-stacked-on-mobile\"><figure class=\"wp-block-media-text__media\"><\/figure><div class=\"wp-block-media-text__content\">\n<p class=\"has-large-font-size\"><\/p>\n<\/div><\/div>\n","protected":false},"excerpt":{"rendered":"<p>Am 12.03.2022 wird Meister Asai endlich wieder nach M\u00fcnster kommen! Der Lehrgang wird vormittags und nachmittags in der Turnhalle der Gottfried-von-Cappenberg-Grundschule stattfinden. F\u00fcr die Teilnahme [&#8230;]<\/p>\n","protected":false},"author":4,"featured_media":0,"comment_status":"open","ping_status":"open","sticky":false,"template":"","format":"standard","meta":{"footnotes":""},"categories":[1],"tags":[],"class_list":["post-1124","post","type-post","status-publish","format-standard","hentry","category-allgemein"],"_links":{"self":[{"href":"https:\/\/www.muenster.org\/aikikai\/wp-json\/wp\/v2\/posts\/1124","targetHints":{"allow":["GET"]}}],"collection":[{"href":"https:\/\/www.muenster.org\/aikikai\/wp-json\/wp\/v2\/posts"}],"about":[{"href":"https:\/\/www.muenster.org\/aikikai\/wp-json\/wp\/v2\/types\/post"}],"author":[{"embeddable":true,"href":"https:\/\/www.muenster.org\/aikikai\/wp-json\/wp\/v2\/users\/4"}],"replies":[{"embeddable":true,"href":"https:\/\/www.muenster.org\/aikikai\/wp-json\/wp\/v2\/comments?post=1124"}],"version-history":[{"count":6,"href":"https:\/\/www.muenster.org\/aikikai\/wp-json\/wp\/v2\/posts\/1124\/revisions"}],"predecessor-version":[{"id":1133,"href":"https:\/\/www.muenster.org\/aikikai\/wp-json\/wp\/v2\/posts\/1124\/revisions\/1133"}],"wp:attachment":[{"href":"https:\/\/www.muenster.org\/aikikai\/wp-json\/wp\/v2\/media?parent=1124"}],"wp:term":[{"taxonomy":"category","embeddable":true,"href":"https:\/\/www.muenster.org\/aikikai\/wp-json\/wp\/v2\/categories?post=1124"},{"taxonomy":"post_tag","embeddable":true,"href":"https:\/\/www.muenster.org\/aikikai\/wp-json\/wp\/v2\/tags?post=1124"}],"curies":[{"name":"wp","href":"https:\/\/api.w.org\/{rel}","templated":true}]}}