{"id":1110,"date":"2022-01-04T11:31:29","date_gmt":"2022-01-04T10:31:29","guid":{"rendered":"http:\/\/www.muenster.org\/aikikai\/?p=1110"},"modified":"2022-01-04T11:31:31","modified_gmt":"2022-01-04T10:31:31","slug":"start-des-kinder-und-jugendtrainings-nach-den-weihnachtsferien","status":"publish","type":"post","link":"https:\/\/www.muenster.org\/aikikai\/2022\/01\/04\/start-des-kinder-und-jugendtrainings-nach-den-weihnachtsferien\/","title":{"rendered":"Start des Kinder- und Jugendtrainings nach den Weihnachtsferien"},"content":{"rendered":"\n<p>Das Trainingsangebot f\u00fcr Kinder- und Jugendliche startet (unter Vorbehalt) im neuen Jahr ab dem <strong>17.01.2022<\/strong>.<strong> <\/strong>Dadurch sind alle Teilnehmer*innen bereits eine Woche in ihren jeweiligen Schulen getestet worden. Ab dann werden Kinder und Jugendliche bis 16 Jahren immunisierten Personen gleichgestellt, sodass sie keinen weiteren Testnachweis f\u00fcr die Teilnahme am Training brauchen.<strong> Sch\u00fcler*innen von 16 u. 17 Jahren ben\u00f6tigen einen Schulnachweis.<\/strong><\/p>\n\n\n\n<p>Aufgrund der weiterhin unklaren Lage in Bezug auf die Pandemie k\u00f6nnen jederzeit \u00c4nderungen vorgenommen werden.<\/p>\n\n\n\n<p>Bitte meldet euch f\u00fcr aktuelle Informationen bei unserem Newsletter an.<\/p>\n\n\n\n<p><\/p>\n","protected":false},"excerpt":{"rendered":"<p>Das Trainingsangebot f\u00fcr Kinder- und Jugendliche startet (unter Vorbehalt) im neuen Jahr ab dem 17.01.2022. Dadurch sind alle Teilnehmer*innen bereits eine Woche in ihren jeweiligen [&#8230;]<\/p>\n","protected":false},"author":4,"featured_media":0,"comment_status":"open","ping_status":"open","sticky":false,"template":"","format":"standard","meta":{"footnotes":""},"categories":[1],"tags":[],"class_list":["post-1110","post","type-post","status-publish","format-standard","hentry","category-allgemein"],"_links":{"self":[{"href":"https:\/\/www.muenster.org\/aikikai\/wp-json\/wp\/v2\/posts\/1110","targetHints":{"allow":["GET"]}}],"collection":[{"href":"https:\/\/www.muenster.org\/aikikai\/wp-json\/wp\/v2\/posts"}],"about":[{"href":"https:\/\/www.muenster.org\/aikikai\/wp-json\/wp\/v2\/types\/post"}],"author":[{"embeddable":true,"href":"https:\/\/www.muenster.org\/aikikai\/wp-json\/wp\/v2\/users\/4"}],"replies":[{"embeddable":true,"href":"https:\/\/www.muenster.org\/aikikai\/wp-json\/wp\/v2\/comments?post=1110"}],"version-history":[{"count":1,"href":"https:\/\/www.muenster.org\/aikikai\/wp-json\/wp\/v2\/posts\/1110\/revisions"}],"predecessor-version":[{"id":1111,"href":"https:\/\/www.muenster.org\/aikikai\/wp-json\/wp\/v2\/posts\/1110\/revisions\/1111"}],"wp:attachment":[{"href":"https:\/\/www.muenster.org\/aikikai\/wp-json\/wp\/v2\/media?parent=1110"}],"wp:term":[{"taxonomy":"category","embeddable":true,"href":"https:\/\/www.muenster.org\/aikikai\/wp-json\/wp\/v2\/categories?post=1110"},{"taxonomy":"post_tag","embeddable":true,"href":"https:\/\/www.muenster.org\/aikikai\/wp-json\/wp\/v2\/tags?post=1110"}],"curies":[{"name":"wp","href":"https:\/\/api.w.org\/{rel}","templated":true}]}}