{"id":1098,"date":"2021-11-30T10:27:19","date_gmt":"2021-11-30T09:27:19","guid":{"rendered":"http:\/\/www.muenster.org\/aikikai\/?p=1098"},"modified":"2021-11-30T10:27:20","modified_gmt":"2021-11-30T09:27:20","slug":"kinder-und-jugendtraining-4","status":"publish","type":"post","link":"https:\/\/www.muenster.org\/aikikai\/2021\/11\/30\/kinder-und-jugendtraining-4\/","title":{"rendered":"Kinder- und Jugendtraining"},"content":{"rendered":"\n<figure class=\"wp-block-table\"><table><tbody><tr><td>Die Corona-Infektionszahlen in M\u00fcnster vor allem bei den Kindern und Jugendlichen steigen heftig an und die Empfehlungen zum Reduzieren privater Kontakte, wo immer m\u00f6glich, werden dringlicher. Daher haben wir uns entschlossen, das Kinder- und Jugendtraining ab dem 6.12.2021 wieder einzustellen.<br><br>Wir bitten um Euer Verst\u00e4ndnis und hoffen, dass Ihr gesund bleibt.<br><br>Wir melden uns nat\u00fcrlich sofort, wenn die Situation wieder eine \u00c4nderung zul\u00e4sst.<\/td><\/tr><\/tbody><\/table><\/figure>\n\n\n\n<figure class=\"wp-block-table\"><table><tbody><tr><td><\/td><\/tr><\/tbody><\/table><\/figure>\n","protected":false},"excerpt":{"rendered":"<p>Die Corona-Infektionszahlen in M\u00fcnster vor allem bei den Kindern und Jugendlichen steigen heftig an und die Empfehlungen zum Reduzieren privater Kontakte, wo immer m\u00f6glich, werden [&#8230;]<\/p>\n","protected":false},"author":4,"featured_media":0,"comment_status":"open","ping_status":"open","sticky":false,"template":"","format":"standard","meta":{"footnotes":""},"categories":[1],"tags":[],"class_list":["post-1098","post","type-post","status-publish","format-standard","hentry","category-allgemein"],"_links":{"self":[{"href":"https:\/\/www.muenster.org\/aikikai\/wp-json\/wp\/v2\/posts\/1098","targetHints":{"allow":["GET"]}}],"collection":[{"href":"https:\/\/www.muenster.org\/aikikai\/wp-json\/wp\/v2\/posts"}],"about":[{"href":"https:\/\/www.muenster.org\/aikikai\/wp-json\/wp\/v2\/types\/post"}],"author":[{"embeddable":true,"href":"https:\/\/www.muenster.org\/aikikai\/wp-json\/wp\/v2\/users\/4"}],"replies":[{"embeddable":true,"href":"https:\/\/www.muenster.org\/aikikai\/wp-json\/wp\/v2\/comments?post=1098"}],"version-history":[{"count":1,"href":"https:\/\/www.muenster.org\/aikikai\/wp-json\/wp\/v2\/posts\/1098\/revisions"}],"predecessor-version":[{"id":1099,"href":"https:\/\/www.muenster.org\/aikikai\/wp-json\/wp\/v2\/posts\/1098\/revisions\/1099"}],"wp:attachment":[{"href":"https:\/\/www.muenster.org\/aikikai\/wp-json\/wp\/v2\/media?parent=1098"}],"wp:term":[{"taxonomy":"category","embeddable":true,"href":"https:\/\/www.muenster.org\/aikikai\/wp-json\/wp\/v2\/categories?post=1098"},{"taxonomy":"post_tag","embeddable":true,"href":"https:\/\/www.muenster.org\/aikikai\/wp-json\/wp\/v2\/tags?post=1098"}],"curies":[{"name":"wp","href":"https:\/\/api.w.org\/{rel}","templated":true}]}}