{"id":1574,"date":"2023-05-31T22:45:42","date_gmt":"2023-05-31T20:45:42","guid":{"rendered":"http:\/\/www.muenster.org\/aikikai\/?p=1574"},"modified":"2023-05-31T22:47:49","modified_gmt":"2023-05-31T20:47:49","slug":"neue-dan-grade-in-pulheim","status":"publish","type":"post","link":"http:\/\/www.muenster.org\/aikikai\/2023\/05\/31\/neue-dan-grade-in-pulheim\/","title":{"rendered":"Neue Dan-Grade in Pulheim"},"content":{"rendered":"\n<p>Am Pfingstwochenende (27.-29.05.2023) fand in Pulheim wieder der allj\u00e4hrliche Dantr\u00e4gerlehrgang statt. Als H\u00f6hepunkt des Lehrgangs verlieh Meister Asai einige neue Dan-Graduierungen, darunter auch zwei Mitgliedern und Trainern unseres Dojos: Tobias wurde der 4. Dan verliehen und Giulio der 6. Dan. Wir gratulieren ihnen dazu ganz herzlich!<\/p>\n\n\n\n<figure class=\"wp-block-image size-large\"><img loading=\"lazy\" decoding=\"async\" width=\"1024\" height=\"640\" src=\"http:\/\/www.muenster.org\/aikikai\/wp-content\/uploads\/2023\/05\/WhatsApp-Image-2023-05-31-at-14.39.19-1-edited.jpeg\" alt=\"\" class=\"wp-image-1577\" srcset=\"http:\/\/www.muenster.org\/aikikai\/wp-content\/uploads\/2023\/05\/WhatsApp-Image-2023-05-31-at-14.39.19-1-edited.jpeg 1024w, http:\/\/www.muenster.org\/aikikai\/wp-content\/uploads\/2023\/05\/WhatsApp-Image-2023-05-31-at-14.39.19-1-edited-300x188.jpeg 300w, http:\/\/www.muenster.org\/aikikai\/wp-content\/uploads\/2023\/05\/WhatsApp-Image-2023-05-31-at-14.39.19-1-edited-700x438.jpeg 700w, http:\/\/www.muenster.org\/aikikai\/wp-content\/uploads\/2023\/05\/WhatsApp-Image-2023-05-31-at-14.39.19-1-edited-768x480.jpeg 768w\" sizes=\"auto, (max-width: 1024px) 100vw, 1024px\" \/><figcaption class=\"wp-element-caption\">Die Teilnehmer des Lehrgangs in Pulheim mit Meister Asai<\/figcaption><\/figure>\n\n\n\n<p>Am Dienstag l\u00e4dt unser Verein au\u00dferdem zu einem kleinen Umtrunk nach dem Training ein. Bringt gerne Snacks und Getr\u00e4nke mit, es sind alle herzlich eingeladen!<\/p>\n","protected":false},"excerpt":{"rendered":"<p>Am Pfingstwochenende (27.-29.05.2023) fand in Pulheim wieder der allj\u00e4hrliche Dantr\u00e4gerlehrgang statt. Als H\u00f6hepunkt des Lehrgangs verlieh Meister Asai einige neue Dan-Graduierungen, darunter auch zwei Mitgliedern [&#8230;]<\/p>\n","protected":false},"author":4,"featured_media":0,"comment_status":"open","ping_status":"open","sticky":false,"template":"","format":"standard","meta":{"footnotes":""},"categories":[1],"tags":[],"class_list":["post-1574","post","type-post","status-publish","format-standard","hentry","category-allgemein"],"_links":{"self":[{"href":"http:\/\/www.muenster.org\/aikikai\/wp-json\/wp\/v2\/posts\/1574","targetHints":{"allow":["GET"]}}],"collection":[{"href":"http:\/\/www.muenster.org\/aikikai\/wp-json\/wp\/v2\/posts"}],"about":[{"href":"http:\/\/www.muenster.org\/aikikai\/wp-json\/wp\/v2\/types\/post"}],"author":[{"embeddable":true,"href":"http:\/\/www.muenster.org\/aikikai\/wp-json\/wp\/v2\/users\/4"}],"replies":[{"embeddable":true,"href":"http:\/\/www.muenster.org\/aikikai\/wp-json\/wp\/v2\/comments?post=1574"}],"version-history":[{"count":2,"href":"http:\/\/www.muenster.org\/aikikai\/wp-json\/wp\/v2\/posts\/1574\/revisions"}],"predecessor-version":[{"id":1579,"href":"http:\/\/www.muenster.org\/aikikai\/wp-json\/wp\/v2\/posts\/1574\/revisions\/1579"}],"wp:attachment":[{"href":"http:\/\/www.muenster.org\/aikikai\/wp-json\/wp\/v2\/media?parent=1574"}],"wp:term":[{"taxonomy":"category","embeddable":true,"href":"http:\/\/www.muenster.org\/aikikai\/wp-json\/wp\/v2\/categories?post=1574"},{"taxonomy":"post_tag","embeddable":true,"href":"http:\/\/www.muenster.org\/aikikai\/wp-json\/wp\/v2\/tags?post=1574"}],"curies":[{"name":"wp","href":"https:\/\/api.w.org\/{rel}","templated":true}]}}