{"id":1527,"date":"2023-03-28T11:33:51","date_gmt":"2023-03-28T09:33:51","guid":{"rendered":"http:\/\/www.muenster.org\/aikikai\/?p=1527"},"modified":"2023-03-28T11:41:50","modified_gmt":"2023-03-28T09:41:50","slug":"bestandene-kyu-pruefungen","status":"publish","type":"post","link":"http:\/\/www.muenster.org\/aikikai\/2023\/03\/28\/bestandene-kyu-pruefungen\/","title":{"rendered":"Bestandene Kyu-Pr\u00fcfungen"},"content":{"rendered":"\n<p>Am Samstag, den 25.03.2023 haben nach einem verk\u00fcrzten Training Pr\u00fcfungen stattgefunden. Die Pr\u00fcfung zum 5. Kyu haben Anna und Luzian bestanden. Am Montag, den 27.03.2023 haben au\u00dferdem die Kinderpr\u00fcfungen stattgefunden. Es wurden der 10., 9. und 8. Kyu abgenommen und alle Kinder haben ihre Pr\u00fcfung bestanden. Herzlichen Gl\u00fcckwunsch an alle Pr\u00fcflinge!<\/p>\n\n\n\n<p>Nach den Pr\u00fcfungen am Samstag gab es noch Kaffee und leckeren Kuchen in unserem Dojo und es war ein sch\u00f6ner Nachmittag. <\/p>\n\n\n\n<div class=\"wp-block-group\"><div class=\"wp-block-group__inner-container is-layout-constrained wp-block-group-is-layout-constrained\">\n<figure class=\"wp-block-gallery has-nested-images columns-default is-cropped wp-block-gallery-2 is-layout-flex wp-block-gallery-is-layout-flex\">\n<figure class=\"wp-block-image size-large\"><img loading=\"lazy\" decoding=\"async\" width=\"700\" height=\"525\" data-id=\"1531\" src=\"http:\/\/www.muenster.org\/aikikai\/wp-content\/uploads\/2023\/03\/WhatsApp-Image-2023-03-25-at-16.51.17-1-700x525.jpg\" alt=\"\" class=\"wp-image-1531\" srcset=\"http:\/\/www.muenster.org\/aikikai\/wp-content\/uploads\/2023\/03\/WhatsApp-Image-2023-03-25-at-16.51.17-1-700x525.jpg 700w, http:\/\/www.muenster.org\/aikikai\/wp-content\/uploads\/2023\/03\/WhatsApp-Image-2023-03-25-at-16.51.17-1-300x225.jpg 300w, http:\/\/www.muenster.org\/aikikai\/wp-content\/uploads\/2023\/03\/WhatsApp-Image-2023-03-25-at-16.51.17-1-768x576.jpg 768w, http:\/\/www.muenster.org\/aikikai\/wp-content\/uploads\/2023\/03\/WhatsApp-Image-2023-03-25-at-16.51.17-1-1536x1152.jpg 1536w, http:\/\/www.muenster.org\/aikikai\/wp-content\/uploads\/2023\/03\/WhatsApp-Image-2023-03-25-at-16.51.17-1-960x720.jpg 960w, http:\/\/www.muenster.org\/aikikai\/wp-content\/uploads\/2023\/03\/WhatsApp-Image-2023-03-25-at-16.51.17-1-1320x990.jpg 1320w, http:\/\/www.muenster.org\/aikikai\/wp-content\/uploads\/2023\/03\/WhatsApp-Image-2023-03-25-at-16.51.17-1.jpg 2000w\" sizes=\"auto, (max-width: 700px) 100vw, 700px\" \/><\/figure>\n\n\n\n<figure class=\"wp-block-image size-large\"><img loading=\"lazy\" decoding=\"async\" width=\"700\" height=\"525\" data-id=\"1542\" src=\"http:\/\/www.muenster.org\/aikikai\/wp-content\/uploads\/2023\/03\/WhatsApp-Image-2023-03-25-at-16.49.06-2-700x525.jpg\" alt=\"\" class=\"wp-image-1542\" srcset=\"http:\/\/www.muenster.org\/aikikai\/wp-content\/uploads\/2023\/03\/WhatsApp-Image-2023-03-25-at-16.49.06-2-700x525.jpg 700w, http:\/\/www.muenster.org\/aikikai\/wp-content\/uploads\/2023\/03\/WhatsApp-Image-2023-03-25-at-16.49.06-2-300x225.jpg 300w, http:\/\/www.muenster.org\/aikikai\/wp-content\/uploads\/2023\/03\/WhatsApp-Image-2023-03-25-at-16.49.06-2-768x576.jpg 768w, http:\/\/www.muenster.org\/aikikai\/wp-content\/uploads\/2023\/03\/WhatsApp-Image-2023-03-25-at-16.49.06-2-960x720.jpg 960w, http:\/\/www.muenster.org\/aikikai\/wp-content\/uploads\/2023\/03\/WhatsApp-Image-2023-03-25-at-16.49.06-2.jpg 1200w\" sizes=\"auto, (max-width: 700px) 100vw, 700px\" \/><\/figure>\n<\/figure>\n<\/div><\/div>\n","protected":false},"excerpt":{"rendered":"<p>Am Samstag, den 25.03.2023 haben nach einem verk\u00fcrzten Training Pr\u00fcfungen stattgefunden. Die Pr\u00fcfung zum 5. Kyu haben Anna und Luzian bestanden. Am Montag, den 27.03.2023 [&#8230;]<\/p>\n","protected":false},"author":4,"featured_media":1532,"comment_status":"open","ping_status":"open","sticky":false,"template":"","format":"standard","meta":{"footnotes":""},"categories":[1],"tags":[],"class_list":["post-1527","post","type-post","status-publish","format-standard","has-post-thumbnail","hentry","category-allgemein"],"_links":{"self":[{"href":"http:\/\/www.muenster.org\/aikikai\/wp-json\/wp\/v2\/posts\/1527","targetHints":{"allow":["GET"]}}],"collection":[{"href":"http:\/\/www.muenster.org\/aikikai\/wp-json\/wp\/v2\/posts"}],"about":[{"href":"http:\/\/www.muenster.org\/aikikai\/wp-json\/wp\/v2\/types\/post"}],"author":[{"embeddable":true,"href":"http:\/\/www.muenster.org\/aikikai\/wp-json\/wp\/v2\/users\/4"}],"replies":[{"embeddable":true,"href":"http:\/\/www.muenster.org\/aikikai\/wp-json\/wp\/v2\/comments?post=1527"}],"version-history":[{"count":6,"href":"http:\/\/www.muenster.org\/aikikai\/wp-json\/wp\/v2\/posts\/1527\/revisions"}],"predecessor-version":[{"id":1543,"href":"http:\/\/www.muenster.org\/aikikai\/wp-json\/wp\/v2\/posts\/1527\/revisions\/1543"}],"wp:featuredmedia":[{"embeddable":true,"href":"http:\/\/www.muenster.org\/aikikai\/wp-json\/wp\/v2\/media\/1532"}],"wp:attachment":[{"href":"http:\/\/www.muenster.org\/aikikai\/wp-json\/wp\/v2\/media?parent=1527"}],"wp:term":[{"taxonomy":"category","embeddable":true,"href":"http:\/\/www.muenster.org\/aikikai\/wp-json\/wp\/v2\/categories?post=1527"},{"taxonomy":"post_tag","embeddable":true,"href":"http:\/\/www.muenster.org\/aikikai\/wp-json\/wp\/v2\/tags?post=1527"}],"curies":[{"name":"wp","href":"https:\/\/api.w.org\/{rel}","templated":true}]}}